{"id":867,"date":"2023-02-04T10:50:40","date_gmt":"2023-02-04T10:50:40","guid":{"rendered":"https:\/\/www.ateneacomics.com\/?p=867"},"modified":"2023-02-12T18:32:15","modified_gmt":"2023-02-12T18:32:15","slug":"thor-de-jason-aaron","status":"publish","type":"post","link":"https:\/\/www.ateneacomics.com\/?p=867","title":{"rendered":"Rese\u00f1a de \u00abEl Velo\u00bb"},"content":{"rendered":"<h2 style=\"font-style:normal;font-weight:700;\" class=\"has-text-align-center wp-block-post-title has-x-large-font-size\">Rese\u00f1a de \u00abEl Velo\u00bb<\/h2>\n\n<figure class=\"wp-block-post-featured-image\"><img loading=\"lazy\" decoding=\"async\" width=\"1024\" height=\"788\" src=\"https:\/\/www.ateneacomics.com\/wp-content\/uploads\/2022\/09\/imagen-destacada.jpg\" class=\"attachment-post-thumbnail size-post-thumbnail wp-post-image\" alt=\"\" style=\"object-fit:cover;\" srcset=\"https:\/\/www.ateneacomics.com\/wp-content\/uploads\/2022\/09\/imagen-destacada.jpg 1024w, https:\/\/www.ateneacomics.com\/wp-content\/uploads\/2022\/09\/imagen-destacada-300x231.jpg 300w, https:\/\/www.ateneacomics.com\/wp-content\/uploads\/2022\/09\/imagen-destacada-768x591.jpg 768w\" sizes=\"auto, (max-width: 1024px) 100vw, 1024px\" \/><\/figure>\n\n\n<div style=\"height:20px\" aria-hidden=\"true\" class=\"wp-block-spacer\"><\/div>\n\n\n\n<hr class=\"wp-block-separator has-alpha-channel-opacity is-style-wide\"\/>\n\n\n\n<h2 class=\"has-text-align-center has-x-large-font-size wp-block-heading\" style=\"font-style:normal;font-weight:700\">\u00a1Bienvenidos al blog de Atenea Comics!<\/h2>\n\n\n\n<p class=\"has-text-align-left\">Hoy os traemos El velo, una edici\u00f3n remasterizada, obra clave del comic de terror de El Torres (Nancy in Hell, El bosque de los suicidas, Sangre Barbara, El puritano) y Gabriel Hern\u00e1ndez Walta (El ladr\u00f3n de los d\u00edas, El bosque de los suicidas, Sentient)<\/p>\n\n\n\n<hr class=\"wp-block-separator has-alpha-channel-opacity\"\/>\n\n\n\n<p class=\"has-text-align-center\"><em>LOS FANTASMAS SABEN QUE PUEDE VERLOS.Y LA LLAMAN. NUNCA DEJAN DE LLAMARLA.<\/em><\/p>\n\n\n\n<p class=\"has-text-align-center\"><em>Chris Luna nunca lo ha tenido f\u00e1cil. Puede ver m\u00e1s all\u00e1, el Otro Lado donde habitan los esp\u00edritus de los difuntos y otras criaturas. Eso la envi\u00f3 al hospital mental y despu\u00e9s a intentar ganarse la vida trabajando para esos esp\u00edritus.<\/em><\/p>\n\n\n\n<p class=\"has-text-align-center\"><em>Ahora, Chris, arruinada, tiene que volver a su casa familiar en Maine&#8230;donde se enfrentar\u00e1 a la Oscuridad que yace all\u00ed. A su pasado. A lo terrible que la acecha m\u00e1s all\u00e1 del velo.<\/em><\/p>\n\n\n\n<hr class=\"wp-block-separator has-alpha-channel-opacity\"\/>\n\n\n\n<figure class=\"wp-block-image aligncenter size-full is-resized\"><img loading=\"lazy\" decoding=\"async\" src=\"https:\/\/www.ateneacomics.com\/wp-content\/uploads\/2023\/02\/titulo.png\" alt=\"\" class=\"wp-image-966\" width=\"489\" height=\"421\" srcset=\"https:\/\/www.ateneacomics.com\/wp-content\/uploads\/2023\/02\/titulo.png 832w, https:\/\/www.ateneacomics.com\/wp-content\/uploads\/2023\/02\/titulo-300x259.png 300w, https:\/\/www.ateneacomics.com\/wp-content\/uploads\/2023\/02\/titulo-768x662.png 768w\" sizes=\"auto, (max-width: 489px) 100vw, 489px\" \/><\/figure>\n\n\n\n<p class=\"has-text-align-left\">El Torres nos introduce en una historia de terror cl\u00e1sica. Un mal que acecha m\u00e1s all\u00e1 de nuestra realidad y que solo unos pocos son capaces de percibir, en este caso nuestra protagonista, Chris Luna.<\/p>\n\n\n\n<p class=\"has-text-align-left\">Pensaras que esta historia ya ha sido contada antes y estar\u00e1s en lo cierto, hay muchas referencias tanto en la literatura, Stephen King, H. P. Lovecraft, y en el cine, El sexto sentido, La escalera de Jacob, En la boca del miedo o Entre fantasmas, de la que se hace un gui\u00f1o dentro de la obra.<\/p>\n\n\n\n<p class=\"has-text-align-left\">Lo que la hace diferente es la forma de contarlo, mientras que en los ejemplos anteriores nosotros somo meros espectadores de lo que sucede, en El velo, la historia se cuenta en primera persona, a trav\u00e9s de un dialogo interior muy s\u00f3lido que hace de hilo conductor durante todo el relato, esto nos permite identificarnos con la protagonista .<\/p>\n\n\n\n<p class=\"has-text-align-center has-large-font-size\"><strong>Nosotros somos Chris Luna<\/strong><\/p>\n\n\n\n<figure class=\"wp-block-image aligncenter size-full is-resized\"><img loading=\"lazy\" decoding=\"async\" src=\"https:\/\/www.ateneacomics.com\/wp-content\/uploads\/2023\/02\/imagen-1.jpg\" alt=\"\" class=\"wp-image-967\" width=\"650\" height=\"304\" srcset=\"https:\/\/www.ateneacomics.com\/wp-content\/uploads\/2023\/02\/imagen-1.jpg 447w, https:\/\/www.ateneacomics.com\/wp-content\/uploads\/2023\/02\/imagen-1-300x140.jpg 300w\" sizes=\"auto, (max-width: 650px) 100vw, 650px\" \/><\/figure>\n\n\n\n<p class=\"has-text-align-left\">A partir de esta premisa se construye la historia, en la que no tenemos el control de los acontecimientos, desarroll\u00e1ndose al margen nuestro.<\/p>\n\n\n\n<hr class=\"wp-block-separator has-alpha-channel-opacity\"\/>\n\n\n\n<p class=\"has-text-align-left\">El dibujo de Gabriel es sencillo, incluso abocetado en algunos casos, pero realmente magnifico.<\/p>\n\n\n\n<p class=\"has-text-align-left\">Este tipo de ilustraci\u00f3n mediante l\u00e1piz y acuarelas permite a Gabriel dos cosas, por una parte jugar dentro de las vi\u00f1etas con el foco de la acci\u00f3n, dirigi\u00e9ndolo hacia los personajes, dejando el fondo meramente esbozado y por otra diferenciar el mundo real m\u00e1s definido y el Otro Lado, distorsionado e inmaterial.<\/p>\n\n\n\n<p class=\"has-text-align-left\">Esta diferencia es m\u00e1s marcada con un uso de la acuarela muy acertado, trabajando toda la obra con una gama de tonos ocres y oto\u00f1ales para definici\u00f3n del mundo real y rojos para lo que hay detr\u00e1s del velo.<\/p>\n\n\n\n<figure class=\"wp-block-image aligncenter size-full\"><img loading=\"lazy\" decoding=\"async\" width=\"544\" height=\"764\" src=\"https:\/\/www.ateneacomics.com\/wp-content\/uploads\/2023\/02\/imagen-3.jpg\" alt=\"\" class=\"wp-image-969\" srcset=\"https:\/\/www.ateneacomics.com\/wp-content\/uploads\/2023\/02\/imagen-3.jpg 544w, https:\/\/www.ateneacomics.com\/wp-content\/uploads\/2023\/02\/imagen-3-214x300.jpg 214w\" sizes=\"auto, (max-width: 544px) 100vw, 544px\" \/><\/figure>\n\n\n\n<p class=\"has-text-align-left\">Aqu\u00ed va un peque\u00f1o spoiler, pero que es necesario remarcar para entender el cuidado que se ha puesto en todas las decisiones al ilustrar de este comic.<\/p>\n\n\n\n<p class=\"has-text-align-center\"><mark style=\"background-color:#808080;color:#808080\" class=\"has-inline-color\">La aparici\u00f3n del rojo en el mundo real marca una conexi\u00f3n con el Otro Lado.<\/mark><\/p>\n\n\n\n<hr class=\"wp-block-separator has-alpha-channel-opacity\"\/>\n\n\n\n<p class=\"has-text-align-left\">Cuando le\u00ed El velo antes de escribir esta rese\u00f1a, eche de menos un nudo m\u00e1s elaborado en el que vi\u00e9semos como los habitantes de Greenville iban cayendo en la locura, pero volviendo a leerla y comprendiendo lo que El Torres nos quer\u00eda plantear en su narrativa, me parece muy acertado que todo pase fuera de c\u00e1mara, centr\u00e1ndonos solo en lo que nosotros percibimos, lanz\u00e1ndonos de una patada a la vor\u00e1gine de locura y caos que supone el desenlace de la historia.<\/p>\n\n\n\n<p class=\"has-text-align-left\">Cabe destacar, siendo mi parte favorita del comic, el final del segundo cap\u00edtulo, donde Chris Luna ya no puede m\u00e1s, en estas paginas puedes sentir la soledad, el miedo, la derrota y la fragilidad de una persona que ha sido superada por los acontecimientos que le ha tocado vivir.<\/p>\n\n\n\n<figure class=\"wp-block-image aligncenter size-full\"><img loading=\"lazy\" decoding=\"async\" width=\"544\" height=\"764\" src=\"https:\/\/www.ateneacomics.com\/wp-content\/uploads\/2023\/02\/imagen-2.jpg\" alt=\"\" class=\"wp-image-968\" srcset=\"https:\/\/www.ateneacomics.com\/wp-content\/uploads\/2023\/02\/imagen-2.jpg 544w, https:\/\/www.ateneacomics.com\/wp-content\/uploads\/2023\/02\/imagen-2-214x300.jpg 214w\" sizes=\"auto, (max-width: 544px) 100vw, 544px\" \/><\/figure>\n\n\n\n<hr class=\"wp-block-separator has-alpha-channel-opacity\"\/>\n\n\n\n<p class=\"has-text-align-left\">Como siempre la editorial Karras realiza una labor soberbia con una edici\u00f3n magnifica, adem\u00e1s esta obra viene cargada de extras, un marcap\u00e1ginas que simula los antiguos timbres de los comic de Marvel y sobre todo un libreto con bocetos del proceso creativo de El velo.<\/p>\n\n\n\n<p class=\"has-text-align-left\">En mi opini\u00f3n es una obra magnifica que te deja con muy buen sabor de boca al terminarla y con ganas de saber m\u00e1s, me encantar\u00eda una segunda parte o una precuela de los casos en los que Chris Luna participo con el FBI.<\/p>\n\n\n\n<p class=\"has-text-align-left\">Si os ha gustado lo que hab\u00e9is le\u00eddo aqu\u00ed, no perd\u00e1is el tiempo y haceos con una copia antes de que se agoten.<\/p>\n\n\n\n<hr class=\"wp-block-separator has-alpha-channel-opacity is-style-wide\"\/>\n\n\n\n<div class=\"wp-block-comments wp-block-comments-query-loop\">\n\n\n\n\n\n\t<div id=\"respond\" style=\"font-style:normal;font-weight:700;\" class=\"comment-respond wp-block-post-comments-form has-medium-font-size\">\n\t\t<h3 id=\"reply-title\" class=\"comment-reply-title\">Deja una respuesta <small><a rel=\"nofollow\" id=\"cancel-comment-reply-link\" href=\"\/index.php?rest_route=%2Fwp%2Fv2%2Fposts%2F867#respond\" style=\"display:none;\">Cancelar la respuesta<\/a><\/small><\/h3><form action=\"https:\/\/www.ateneacomics.com\/wp-comments-post.php\" method=\"post\" id=\"commentform\" class=\"comment-form\"><p class=\"comment-notes\"><span id=\"email-notes\">Tu direcci\u00f3n de correo electr\u00f3nico no ser\u00e1 publicada.<\/span> <span class=\"required-field-message\">Los campos obligatorios est\u00e1n marcados con <span class=\"required\">*<\/span><\/span><\/p><p class=\"comment-form-comment\"><label for=\"comment\">Comentario <span class=\"required\">*<\/span><\/label> <textarea id=\"comment\" name=\"comment\" cols=\"45\" rows=\"8\" maxlength=\"65525\" required><\/textarea><\/p><p class=\"comment-form-author\"><label for=\"author\">Nombre <span class=\"required\">*<\/span><\/label> <input id=\"author\" name=\"author\" type=\"text\" value=\"\" size=\"30\" maxlength=\"245\" autocomplete=\"name\" required \/><\/p>\n<p class=\"comment-form-email\"><label for=\"email\">Correo electr\u00f3nico <span class=\"required\">*<\/span><\/label> <input id=\"email\" name=\"email\" type=\"email\" value=\"\" size=\"30\" maxlength=\"100\" aria-describedby=\"email-notes\" autocomplete=\"email\" required \/><\/p>\n<p class=\"comment-form-url\"><label for=\"url\">Web<\/label> <input id=\"url\" name=\"url\" type=\"url\" value=\"\" size=\"30\" maxlength=\"200\" autocomplete=\"url\" \/><\/p>\n<p class=\"comment-form-cookies-consent\"><input id=\"wp-comment-cookies-consent\" name=\"wp-comment-cookies-consent\" type=\"checkbox\" value=\"yes\" \/> <label for=\"wp-comment-cookies-consent\">Guarda mi nombre, correo electr\u00f3nico y web en este navegador para la pr\u00f3xima vez que comente.<\/label><\/p>\n<p class=\"form-submit wp-block-button\"><input name=\"submit\" type=\"submit\" id=\"submit\" class=\"wp-block-button__link wp-element-button\" value=\"Publicar el comentario\" \/> <input type='hidden' name='comment_post_ID' value='867' id='comment_post_ID' \/>\n<input type='hidden' name='comment_parent' id='comment_parent' value='0' \/>\n<\/p><p style=\"display: none !important;\" class=\"akismet-fields-container\" data-prefix=\"ak_\"><label>&#916;<textarea name=\"ak_hp_textarea\" cols=\"45\" rows=\"8\" maxlength=\"100\"><\/textarea><\/label><input type=\"hidden\" id=\"ak_js_1\" name=\"ak_js\" value=\"73\"\/><script>\ndocument.getElementById( \"ak_js_1\" ).setAttribute( \"value\", ( new Date() ).getTime() );\n<\/script>\n<\/p><\/form>\t<\/div><!-- #respond -->\n\t<\/div>\n","protected":false},"excerpt":{"rendered":"<p>\u00a1Bienvenidos al blog de Atenea Comics! Hoy os traemos El velo, una edici\u00f3n remasterizada, obra clave del comic de terror de El Torres (Nancy in Hell, El bosque de los suicidas, Sangre Barbara, El puritano) y Gabriel Hern\u00e1ndez Walta (El ladr\u00f3n de los d\u00edas, El bosque de los suicidas, Sentient) LOS FANTASMAS SABEN QUE PUEDE [&hellip;]<\/p>\n","protected":false},"author":1,"featured_media":964,"comment_status":"open","ping_status":"open","sticky":false,"template":"single-no-separators","format":"standard","meta":{"_monsterinsights_skip_tracking":false,"_monsterinsights_sitenote_active":false,"_monsterinsights_sitenote_note":"","_monsterinsights_sitenote_category":0,"footnotes":""},"categories":[5],"tags":[38,31],"class_list":["post-867","post","type-post","status-publish","format-standard","has-post-thumbnail","hentry","category-novedades-y-recomendaciones","tag-el-torres","tag-karras"],"yoast_head":"<!-- This site is optimized with the Yoast SEO plugin v27.5 - https:\/\/yoast.com\/product\/yoast-seo-wordpress\/ -->\n<title>Rese\u00f1a de &quot;El Velo&quot; - El blog de Atenea Comics<\/title>\n<meta name=\"robots\" content=\"index, follow, max-snippet:-1, max-image-preview:large, max-video-preview:-1\" \/>\n<link rel=\"canonical\" href=\"https:\/\/www.ateneacomics.com\/?p=867\" \/>\n<meta property=\"og:locale\" content=\"es_ES\" \/>\n<meta property=\"og:type\" content=\"article\" \/>\n<meta property=\"og:title\" content=\"Rese\u00f1a de &quot;El Velo&quot; - El blog de Atenea Comics\" \/>\n<meta property=\"og:description\" content=\"\u00a1Bienvenidos al blog de Atenea Comics! Hoy os traemos El velo, una edici\u00f3n remasterizada, obra clave del comic de terror de El Torres (Nancy in Hell, El bosque de los suicidas, Sangre Barbara, El puritano) y Gabriel Hern\u00e1ndez Walta (El ladr\u00f3n de los d\u00edas, El bosque de los suicidas, Sentient) LOS FANTASMAS SABEN QUE PUEDE [&hellip;]\" \/>\n<meta property=\"og:url\" content=\"https:\/\/www.ateneacomics.com\/?p=867\" \/>\n<meta property=\"og:site_name\" content=\"El blog de Atenea Comics\" \/>\n<meta property=\"article:published_time\" content=\"2023-02-04T10:50:40+00:00\" \/>\n<meta property=\"article:modified_time\" content=\"2023-02-12T18:32:15+00:00\" \/>\n<meta property=\"og:image\" content=\"https:\/\/www.ateneacomics.com\/wp-content\/uploads\/2022\/09\/imagen-destacada.jpg\" \/>\n\t<meta property=\"og:image:width\" content=\"1024\" \/>\n\t<meta property=\"og:image:height\" content=\"788\" \/>\n\t<meta property=\"og:image:type\" content=\"image\/jpeg\" \/>\n<meta name=\"author\" content=\"admin\" \/>\n<meta name=\"twitter:card\" content=\"summary_large_image\" \/>\n<meta name=\"twitter:label1\" content=\"Escrito por\" \/>\n\t<meta name=\"twitter:data1\" content=\"admin\" \/>\n\t<meta name=\"twitter:label2\" content=\"Tiempo de lectura\" \/>\n\t<meta name=\"twitter:data2\" content=\"5 minutos\" \/>\n<script type=\"application\/ld+json\" class=\"yoast-schema-graph\">{\"@context\":\"https:\\\/\\\/schema.org\",\"@graph\":[{\"@type\":\"Article\",\"@id\":\"https:\\\/\\\/www.ateneacomics.com\\\/?p=867#article\",\"isPartOf\":{\"@id\":\"https:\\\/\\\/www.ateneacomics.com\\\/?p=867\"},\"author\":{\"name\":\"admin\",\"@id\":\"https:\\\/\\\/www.ateneacomics.com\\\/#\\\/schema\\\/person\\\/2ffccd555e4b67d437741f0c4a60dd5a\"},\"headline\":\"Rese\u00f1a de \u00abEl Velo\u00bb\",\"datePublished\":\"2023-02-04T10:50:40+00:00\",\"dateModified\":\"2023-02-12T18:32:15+00:00\",\"mainEntityOfPage\":{\"@id\":\"https:\\\/\\\/www.ateneacomics.com\\\/?p=867\"},\"wordCount\":757,\"commentCount\":0,\"publisher\":{\"@id\":\"https:\\\/\\\/www.ateneacomics.com\\\/#organization\"},\"image\":{\"@id\":\"https:\\\/\\\/www.ateneacomics.com\\\/?p=867#primaryimage\"},\"thumbnailUrl\":\"https:\\\/\\\/www.ateneacomics.com\\\/wp-content\\\/uploads\\\/2022\\\/09\\\/imagen-destacada.jpg\",\"keywords\":[\"El Torres\",\"Karras\"],\"articleSection\":[\"NOVEDADES Y RECOMENDACIONES\"],\"inLanguage\":\"es\",\"potentialAction\":[{\"@type\":\"CommentAction\",\"name\":\"Comment\",\"target\":[\"https:\\\/\\\/www.ateneacomics.com\\\/?p=867#respond\"]}]},{\"@type\":\"WebPage\",\"@id\":\"https:\\\/\\\/www.ateneacomics.com\\\/?p=867\",\"url\":\"https:\\\/\\\/www.ateneacomics.com\\\/?p=867\",\"name\":\"Rese\u00f1a de \\\"El Velo\\\" - El blog de Atenea Comics\",\"isPartOf\":{\"@id\":\"https:\\\/\\\/www.ateneacomics.com\\\/#website\"},\"primaryImageOfPage\":{\"@id\":\"https:\\\/\\\/www.ateneacomics.com\\\/?p=867#primaryimage\"},\"image\":{\"@id\":\"https:\\\/\\\/www.ateneacomics.com\\\/?p=867#primaryimage\"},\"thumbnailUrl\":\"https:\\\/\\\/www.ateneacomics.com\\\/wp-content\\\/uploads\\\/2022\\\/09\\\/imagen-destacada.jpg\",\"datePublished\":\"2023-02-04T10:50:40+00:00\",\"dateModified\":\"2023-02-12T18:32:15+00:00\",\"breadcrumb\":{\"@id\":\"https:\\\/\\\/www.ateneacomics.com\\\/?p=867#breadcrumb\"},\"inLanguage\":\"es\",\"potentialAction\":[{\"@type\":\"ReadAction\",\"target\":[\"https:\\\/\\\/www.ateneacomics.com\\\/?p=867\"]}]},{\"@type\":\"ImageObject\",\"inLanguage\":\"es\",\"@id\":\"https:\\\/\\\/www.ateneacomics.com\\\/?p=867#primaryimage\",\"url\":\"https:\\\/\\\/www.ateneacomics.com\\\/wp-content\\\/uploads\\\/2022\\\/09\\\/imagen-destacada.jpg\",\"contentUrl\":\"https:\\\/\\\/www.ateneacomics.com\\\/wp-content\\\/uploads\\\/2022\\\/09\\\/imagen-destacada.jpg\",\"width\":1024,\"height\":788},{\"@type\":\"BreadcrumbList\",\"@id\":\"https:\\\/\\\/www.ateneacomics.com\\\/?p=867#breadcrumb\",\"itemListElement\":[{\"@type\":\"ListItem\",\"position\":1,\"name\":\"Portada\",\"item\":\"https:\\\/\\\/www.ateneacomics.com\\\/\"},{\"@type\":\"ListItem\",\"position\":2,\"name\":\"Rese\u00f1a de \u00abEl Velo\u00bb\"}]},{\"@type\":\"WebSite\",\"@id\":\"https:\\\/\\\/www.ateneacomics.com\\\/#website\",\"url\":\"https:\\\/\\\/www.ateneacomics.com\\\/\",\"name\":\"El blog de Atenea Comics\",\"description\":\"\",\"publisher\":{\"@id\":\"https:\\\/\\\/www.ateneacomics.com\\\/#organization\"},\"potentialAction\":[{\"@type\":\"SearchAction\",\"target\":{\"@type\":\"EntryPoint\",\"urlTemplate\":\"https:\\\/\\\/www.ateneacomics.com\\\/?s={search_term_string}\"},\"query-input\":{\"@type\":\"PropertyValueSpecification\",\"valueRequired\":true,\"valueName\":\"search_term_string\"}}],\"inLanguage\":\"es\"},{\"@type\":\"Organization\",\"@id\":\"https:\\\/\\\/www.ateneacomics.com\\\/#organization\",\"name\":\"El blog de Atenea Comics\",\"url\":\"https:\\\/\\\/www.ateneacomics.com\\\/\",\"logo\":{\"@type\":\"ImageObject\",\"inLanguage\":\"es\",\"@id\":\"https:\\\/\\\/www.ateneacomics.com\\\/#\\\/schema\\\/logo\\\/image\\\/\",\"url\":\"https:\\\/\\\/www.ateneacomics.com\\\/wp-content\\\/uploads\\\/2022\\\/06\\\/Atenea-Comics-copia.png\",\"contentUrl\":\"https:\\\/\\\/www.ateneacomics.com\\\/wp-content\\\/uploads\\\/2022\\\/06\\\/Atenea-Comics-copia.png\",\"width\":472,\"height\":417,\"caption\":\"El blog de Atenea Comics\"},\"image\":{\"@id\":\"https:\\\/\\\/www.ateneacomics.com\\\/#\\\/schema\\\/logo\\\/image\\\/\"}},{\"@type\":\"Person\",\"@id\":\"https:\\\/\\\/www.ateneacomics.com\\\/#\\\/schema\\\/person\\\/2ffccd555e4b67d437741f0c4a60dd5a\",\"name\":\"admin\",\"image\":{\"@type\":\"ImageObject\",\"inLanguage\":\"es\",\"@id\":\"https:\\\/\\\/secure.gravatar.com\\\/avatar\\\/9892d5b5526fb13bf9af560e3f35e4a3857575c8ae05507ea3919b0d523c286a?s=96&d=mm&r=g\",\"url\":\"https:\\\/\\\/secure.gravatar.com\\\/avatar\\\/9892d5b5526fb13bf9af560e3f35e4a3857575c8ae05507ea3919b0d523c286a?s=96&d=mm&r=g\",\"contentUrl\":\"https:\\\/\\\/secure.gravatar.com\\\/avatar\\\/9892d5b5526fb13bf9af560e3f35e4a3857575c8ae05507ea3919b0d523c286a?s=96&d=mm&r=g\",\"caption\":\"admin\"},\"sameAs\":[\"http:\\\/\\\/www.ateneacomics.com\"],\"url\":\"https:\\\/\\\/www.ateneacomics.com\\\/?author=1\"}]}<\/script>\n<!-- \/ Yoast SEO plugin. -->","yoast_head_json":{"title":"Rese\u00f1a de \"El Velo\" - El blog de Atenea Comics","robots":{"index":"index","follow":"follow","max-snippet":"max-snippet:-1","max-image-preview":"max-image-preview:large","max-video-preview":"max-video-preview:-1"},"canonical":"https:\/\/www.ateneacomics.com\/?p=867","og_locale":"es_ES","og_type":"article","og_title":"Rese\u00f1a de \"El Velo\" - El blog de Atenea Comics","og_description":"\u00a1Bienvenidos al blog de Atenea Comics! Hoy os traemos El velo, una edici\u00f3n remasterizada, obra clave del comic de terror de El Torres (Nancy in Hell, El bosque de los suicidas, Sangre Barbara, El puritano) y Gabriel Hern\u00e1ndez Walta (El ladr\u00f3n de los d\u00edas, El bosque de los suicidas, Sentient) LOS FANTASMAS SABEN QUE PUEDE [&hellip;]","og_url":"https:\/\/www.ateneacomics.com\/?p=867","og_site_name":"El blog de Atenea Comics","article_published_time":"2023-02-04T10:50:40+00:00","article_modified_time":"2023-02-12T18:32:15+00:00","og_image":[{"width":1024,"height":788,"url":"https:\/\/www.ateneacomics.com\/wp-content\/uploads\/2022\/09\/imagen-destacada.jpg","type":"image\/jpeg"}],"author":"admin","twitter_card":"summary_large_image","twitter_misc":{"Escrito por":"admin","Tiempo de lectura":"5 minutos"},"schema":{"@context":"https:\/\/schema.org","@graph":[{"@type":"Article","@id":"https:\/\/www.ateneacomics.com\/?p=867#article","isPartOf":{"@id":"https:\/\/www.ateneacomics.com\/?p=867"},"author":{"name":"admin","@id":"https:\/\/www.ateneacomics.com\/#\/schema\/person\/2ffccd555e4b67d437741f0c4a60dd5a"},"headline":"Rese\u00f1a de \u00abEl Velo\u00bb","datePublished":"2023-02-04T10:50:40+00:00","dateModified":"2023-02-12T18:32:15+00:00","mainEntityOfPage":{"@id":"https:\/\/www.ateneacomics.com\/?p=867"},"wordCount":757,"commentCount":0,"publisher":{"@id":"https:\/\/www.ateneacomics.com\/#organization"},"image":{"@id":"https:\/\/www.ateneacomics.com\/?p=867#primaryimage"},"thumbnailUrl":"https:\/\/www.ateneacomics.com\/wp-content\/uploads\/2022\/09\/imagen-destacada.jpg","keywords":["El Torres","Karras"],"articleSection":["NOVEDADES Y RECOMENDACIONES"],"inLanguage":"es","potentialAction":[{"@type":"CommentAction","name":"Comment","target":["https:\/\/www.ateneacomics.com\/?p=867#respond"]}]},{"@type":"WebPage","@id":"https:\/\/www.ateneacomics.com\/?p=867","url":"https:\/\/www.ateneacomics.com\/?p=867","name":"Rese\u00f1a de \"El Velo\" - El blog de Atenea Comics","isPartOf":{"@id":"https:\/\/www.ateneacomics.com\/#website"},"primaryImageOfPage":{"@id":"https:\/\/www.ateneacomics.com\/?p=867#primaryimage"},"image":{"@id":"https:\/\/www.ateneacomics.com\/?p=867#primaryimage"},"thumbnailUrl":"https:\/\/www.ateneacomics.com\/wp-content\/uploads\/2022\/09\/imagen-destacada.jpg","datePublished":"2023-02-04T10:50:40+00:00","dateModified":"2023-02-12T18:32:15+00:00","breadcrumb":{"@id":"https:\/\/www.ateneacomics.com\/?p=867#breadcrumb"},"inLanguage":"es","potentialAction":[{"@type":"ReadAction","target":["https:\/\/www.ateneacomics.com\/?p=867"]}]},{"@type":"ImageObject","inLanguage":"es","@id":"https:\/\/www.ateneacomics.com\/?p=867#primaryimage","url":"https:\/\/www.ateneacomics.com\/wp-content\/uploads\/2022\/09\/imagen-destacada.jpg","contentUrl":"https:\/\/www.ateneacomics.com\/wp-content\/uploads\/2022\/09\/imagen-destacada.jpg","width":1024,"height":788},{"@type":"BreadcrumbList","@id":"https:\/\/www.ateneacomics.com\/?p=867#breadcrumb","itemListElement":[{"@type":"ListItem","position":1,"name":"Portada","item":"https:\/\/www.ateneacomics.com\/"},{"@type":"ListItem","position":2,"name":"Rese\u00f1a de \u00abEl Velo\u00bb"}]},{"@type":"WebSite","@id":"https:\/\/www.ateneacomics.com\/#website","url":"https:\/\/www.ateneacomics.com\/","name":"El blog de Atenea Comics","description":"","publisher":{"@id":"https:\/\/www.ateneacomics.com\/#organization"},"potentialAction":[{"@type":"SearchAction","target":{"@type":"EntryPoint","urlTemplate":"https:\/\/www.ateneacomics.com\/?s={search_term_string}"},"query-input":{"@type":"PropertyValueSpecification","valueRequired":true,"valueName":"search_term_string"}}],"inLanguage":"es"},{"@type":"Organization","@id":"https:\/\/www.ateneacomics.com\/#organization","name":"El blog de Atenea Comics","url":"https:\/\/www.ateneacomics.com\/","logo":{"@type":"ImageObject","inLanguage":"es","@id":"https:\/\/www.ateneacomics.com\/#\/schema\/logo\/image\/","url":"https:\/\/www.ateneacomics.com\/wp-content\/uploads\/2022\/06\/Atenea-Comics-copia.png","contentUrl":"https:\/\/www.ateneacomics.com\/wp-content\/uploads\/2022\/06\/Atenea-Comics-copia.png","width":472,"height":417,"caption":"El blog de Atenea Comics"},"image":{"@id":"https:\/\/www.ateneacomics.com\/#\/schema\/logo\/image\/"}},{"@type":"Person","@id":"https:\/\/www.ateneacomics.com\/#\/schema\/person\/2ffccd555e4b67d437741f0c4a60dd5a","name":"admin","image":{"@type":"ImageObject","inLanguage":"es","@id":"https:\/\/secure.gravatar.com\/avatar\/9892d5b5526fb13bf9af560e3f35e4a3857575c8ae05507ea3919b0d523c286a?s=96&d=mm&r=g","url":"https:\/\/secure.gravatar.com\/avatar\/9892d5b5526fb13bf9af560e3f35e4a3857575c8ae05507ea3919b0d523c286a?s=96&d=mm&r=g","contentUrl":"https:\/\/secure.gravatar.com\/avatar\/9892d5b5526fb13bf9af560e3f35e4a3857575c8ae05507ea3919b0d523c286a?s=96&d=mm&r=g","caption":"admin"},"sameAs":["http:\/\/www.ateneacomics.com"],"url":"https:\/\/www.ateneacomics.com\/?author=1"}]}},"_links":{"self":[{"href":"https:\/\/www.ateneacomics.com\/index.php?rest_route=\/wp\/v2\/posts\/867","targetHints":{"allow":["GET"]}}],"collection":[{"href":"https:\/\/www.ateneacomics.com\/index.php?rest_route=\/wp\/v2\/posts"}],"about":[{"href":"https:\/\/www.ateneacomics.com\/index.php?rest_route=\/wp\/v2\/types\/post"}],"author":[{"embeddable":true,"href":"https:\/\/www.ateneacomics.com\/index.php?rest_route=\/wp\/v2\/users\/1"}],"replies":[{"embeddable":true,"href":"https:\/\/www.ateneacomics.com\/index.php?rest_route=%2Fwp%2Fv2%2Fcomments&post=867"}],"version-history":[{"count":13,"href":"https:\/\/www.ateneacomics.com\/index.php?rest_route=\/wp\/v2\/posts\/867\/revisions"}],"predecessor-version":[{"id":974,"href":"https:\/\/www.ateneacomics.com\/index.php?rest_route=\/wp\/v2\/posts\/867\/revisions\/974"}],"wp:featuredmedia":[{"embeddable":true,"href":"https:\/\/www.ateneacomics.com\/index.php?rest_route=\/wp\/v2\/media\/964"}],"wp:attachment":[{"href":"https:\/\/www.ateneacomics.com\/index.php?rest_route=%2Fwp%2Fv2%2Fmedia&parent=867"}],"wp:term":[{"taxonomy":"category","embeddable":true,"href":"https:\/\/www.ateneacomics.com\/index.php?rest_route=%2Fwp%2Fv2%2Fcategories&post=867"},{"taxonomy":"post_tag","embeddable":true,"href":"https:\/\/www.ateneacomics.com\/index.php?rest_route=%2Fwp%2Fv2%2Ftags&post=867"}],"curies":[{"name":"wp","href":"https:\/\/api.w.org\/{rel}","templated":true}]}}